{"id":130,"date":"2022-04-16T14:38:34","date_gmt":"2022-04-16T12:38:34","guid":{"rendered":"https:\/\/katholisch-bremerhaven.de\/?p=130"},"modified":"2022-04-16T14:38:34","modified_gmt":"2022-04-16T12:38:34","slug":"die-ersten-tage-in-rom","status":"publish","type":"post","link":"https:\/\/katholisch-bremerhaven.de\/?p=130","title":{"rendered":"Die ersten Tage in Rom"},"content":{"rendered":"\n<p>Nach einem ersten Erkundungsgang zum Petersplatz haben wir dann die lange Schlange zur Basilika St. Peter in Kauf genommen und mit einer F\u00fchrerin einen Rundgang durch Kirche und Papstgr\u00e4ber gemacht.<\/p>\n\n\n\n<p>Die Stadt ist nach zwei Jahren Pandemie zum Osterfest sehr voll und \u00fcberall wimmeln Pilger*innen und Tourist*innen. Am Abend des Gr\u00fcndonnerstages haben wir das Abendmahlsamt in der deutschsprachigen Gemeinde, &#8222;Anima&#8220;, mit gefeiert. <\/p>\n\n\n\n<p>Am Karfreitag sind wir auf die 7-Kirchen-Wallfahrt gegangen. 23 Kilometer betr\u00e4gt die Entfernung zwischen den 7 p\u00e4pstlichen Basiliken, (St. Peter, St. Paul vor den Mauern, St. Sebastiano, St. Giovanni im Lateran, Santa Croce de Gerusalemme, St. Lorenzo vor den Mauern und Maria Maggiore) die eine beachtliche Anzahl unserer Pilger*innen komplett absolvierten. Dabei feierten wir die Karfreitagsliturgie in den Domitilla-Katakomben. Eine gro\u00dfartige, aber k\u00fchle Atmosph\u00e4re.<\/p>\n","protected":false},"excerpt":{"rendered":"<p>Nach einem ersten Erkundungsgang zum Petersplatz haben wir dann die lange Schlange zur Basilika St. Peter in Kauf genommen und mit einer F\u00fchrerin einen Rundgang durch Kirche und Papstgr\u00e4ber gemacht. Die Stadt ist nach zwei Jahren Pandemie zum Osterfest sehr voll und \u00fcberall wimmeln Pilger*innen und Tourist*innen. Am Abend des Gr\u00fcndonnerstages haben wir das Abendmahlsamt&hellip;<\/p>\n","protected":false},"author":1,"featured_media":128,"comment_status":"open","ping_status":"open","sticky":false,"template":"","format":"standard","meta":{"_jetpack_memberships_contains_paid_content":false,"footnotes":""},"categories":[1],"tags":[],"class_list":["post-130","post","type-post","status-publish","format-standard","has-post-thumbnail","hentry","category-uncategorized"],"jetpack_featured_media_url":"https:\/\/katholisch-bremerhaven.de\/wp-content\/uploads\/2022\/04\/Rom10.jpg","jetpack_sharing_enabled":true,"_links":{"self":[{"href":"https:\/\/katholisch-bremerhaven.de\/index.php?rest_route=\/wp\/v2\/posts\/130","targetHints":{"allow":["GET"]}}],"collection":[{"href":"https:\/\/katholisch-bremerhaven.de\/index.php?rest_route=\/wp\/v2\/posts"}],"about":[{"href":"https:\/\/katholisch-bremerhaven.de\/index.php?rest_route=\/wp\/v2\/types\/post"}],"author":[{"embeddable":true,"href":"https:\/\/katholisch-bremerhaven.de\/index.php?rest_route=\/wp\/v2\/users\/1"}],"replies":[{"embeddable":true,"href":"https:\/\/katholisch-bremerhaven.de\/index.php?rest_route=%2Fwp%2Fv2%2Fcomments&post=130"}],"version-history":[{"count":1,"href":"https:\/\/katholisch-bremerhaven.de\/index.php?rest_route=\/wp\/v2\/posts\/130\/revisions"}],"predecessor-version":[{"id":131,"href":"https:\/\/katholisch-bremerhaven.de\/index.php?rest_route=\/wp\/v2\/posts\/130\/revisions\/131"}],"wp:featuredmedia":[{"embeddable":true,"href":"https:\/\/katholisch-bremerhaven.de\/index.php?rest_route=\/wp\/v2\/media\/128"}],"wp:attachment":[{"href":"https:\/\/katholisch-bremerhaven.de\/index.php?rest_route=%2Fwp%2Fv2%2Fmedia&parent=130"}],"wp:term":[{"taxonomy":"category","embeddable":true,"href":"https:\/\/katholisch-bremerhaven.de\/index.php?rest_route=%2Fwp%2Fv2%2Fcategories&post=130"},{"taxonomy":"post_tag","embeddable":true,"href":"https:\/\/katholisch-bremerhaven.de\/index.php?rest_route=%2Fwp%2Fv2%2Ftags&post=130"}],"curies":[{"name":"wp","href":"https:\/\/api.w.org\/{rel}","templated":true}]}}